{"id":492,"date":"2013-12-23T09:12:44","date_gmt":"2013-12-23T09:12:44","guid":{"rendered":"http:\/\/monbarcino.wordpress.com\/?p=492"},"modified":"2013-12-23T09:12:44","modified_gmt":"2013-12-23T09:12:44","slug":"segundo-aniversario-de-mon-barcino","status":"publish","type":"post","link":"http:\/\/monbarcino.com\/ca\/segundo-aniversario-de-mon-barcino\/","title":{"rendered":"Segundo Aniversario de M\u00f3n Barcino"},"content":{"rendered":"<p>M\u00f3n Barcino cumple dos a\u00f1os y ya empieza a caminar.Esto no seria posible sin la ayuda de nuestr@s colaborador@s y sobre todo de nuestr@s amig@s y seguidor@s que nos han seguido y acompa\u00f1ado en nuestras rutas.As\u00ed que a tod@s vosotr@s \u00a1\u00a1Muchas Gracias!!<\/p>\n<p>Aprovechamos la ocasi\u00f3n para desearos unas felices fiestas y Feliz 2014<\/p>\n<p>&nbsp;<\/p>\n<p style=\"text-align:center;\"><a href=\"http:\/\/monbarcino.com\/wp-content\/uploads\/2013\/12\/2do-aniversario_final.jpg\"><img loading=\"lazy\" class=\"aligncenter  wp-image-493\" alt=\"2do-aniversario_final\" src=\"http:\/\/monbarcino.com\/wp-content\/uploads\/2013\/12\/2do-aniversario_final.jpg\" width=\"343\" height=\"274\" \/><\/a><\/p>\n<p>&nbsp;<\/p>\n","protected":false},"excerpt":{"rendered":"<p>M\u00f3n Barcino cumple dos a\u00f1os y ya empieza a caminar.Esto no seria posible sin la ayuda de nuestr@s colaborador@s y<\/p>\n","protected":false},"author":2,"featured_media":0,"comment_status":"open","ping_status":"open","sticky":false,"template":"","format":"standard","meta":[],"categories":[2,1],"tags":[],"yoast_head":"<!-- This site is optimized with the Yoast SEO plugin v19.2 - https:\/\/yoast.com\/wordpress\/plugins\/seo\/ -->\n<title>Segundo Aniversario de M\u00f3n Barcino - M\u00f3n Barcino<\/title>\n<meta name=\"robots\" content=\"index, follow, max-snippet:-1, max-image-preview:large, max-video-preview:-1\" \/>\n<link rel=\"canonical\" href=\"https:\/\/monbarcino.com\/segundo-aniversario-de-mon-barcino\/\" \/>\n<meta property=\"og:locale\" content=\"ca_ES\" \/>\n<meta property=\"og:type\" content=\"article\" \/>\n<meta property=\"og:title\" content=\"Segundo Aniversario de M\u00f3n Barcino - M\u00f3n Barcino\" \/>\n<meta property=\"og:description\" content=\"M\u00f3n Barcino cumple dos a\u00f1os y ya empieza a caminar.Esto no seria posible sin la ayuda de nuestr@s colaborador@s y\" \/>\n<meta property=\"og:url\" content=\"https:\/\/monbarcino.com\/segundo-aniversario-de-mon-barcino\/\" \/>\n<meta property=\"og:site_name\" content=\"M\u00f3n Barcino\" \/>\n<meta property=\"article:publisher\" content=\"https:\/\/www.facebook.com\/Monbarcino\/\" \/>\n<meta property=\"article:published_time\" content=\"2013-12-23T09:12:44+00:00\" \/>\n<meta property=\"og:image\" content=\"http:\/\/monbarcino.com\/wp-content\/uploads\/2013\/12\/2do-aniversario_final.jpg\" \/>\n<meta name=\"author\" content=\"herodoto75\" \/>\n<meta name=\"twitter:card\" content=\"summary_large_image\" \/>\n<meta name=\"twitter:creator\" content=\"@monbarcino\" \/>\n<meta name=\"twitter:site\" content=\"@monbarcino\" \/>\n<meta name=\"twitter:label1\" content=\"Escrit per\" \/>\n\t<meta name=\"twitter:data1\" content=\"herodoto75\" \/>\n<script type=\"application\/ld+json\" class=\"yoast-schema-graph\">{\"@context\":\"https:\/\/schema.org\",\"@graph\":[{\"@type\":\"Organization\",\"@id\":\"http:\/\/monbarcino.com\/#organization\",\"name\":\"MonBarcino\",\"url\":\"http:\/\/monbarcino.com\/\",\"sameAs\":[\"https:\/\/www.instagram.com\/monbarcino\/\",\"https:\/\/www.facebook.com\/Monbarcino\/\",\"https:\/\/twitter.com\/monbarcino\"],\"logo\":{\"@type\":\"ImageObject\",\"inLanguage\":\"ca\",\"@id\":\"http:\/\/monbarcino.com\/#\/schema\/logo\/image\/\",\"url\":\"https:\/\/monbarcino.com\/wp-content\/uploads\/2019\/04\/logo.jpg\",\"contentUrl\":\"https:\/\/monbarcino.com\/wp-content\/uploads\/2019\/04\/logo.jpg\",\"width\":750,\"height\":703,\"caption\":\"MonBarcino\"},\"image\":{\"@id\":\"http:\/\/monbarcino.com\/#\/schema\/logo\/image\/\"}},{\"@type\":\"WebSite\",\"@id\":\"http:\/\/monbarcino.com\/#website\",\"url\":\"http:\/\/monbarcino.com\/\",\"name\":\"M\u00f3n Barcino\",\"description\":\"Rutes i visites guiades per Barcelona\",\"publisher\":{\"@id\":\"http:\/\/monbarcino.com\/#organization\"},\"potentialAction\":[{\"@type\":\"SearchAction\",\"target\":{\"@type\":\"EntryPoint\",\"urlTemplate\":\"http:\/\/monbarcino.com\/?s={search_term_string}\"},\"query-input\":\"required name=search_term_string\"}],\"inLanguage\":\"ca\"},{\"@type\":\"ImageObject\",\"inLanguage\":\"ca\",\"@id\":\"https:\/\/monbarcino.com\/segundo-aniversario-de-mon-barcino\/#primaryimage\",\"url\":\"http:\/\/monbarcino.com\/wp-content\/uploads\/2013\/12\/2do-aniversario_final.jpg\",\"contentUrl\":\"http:\/\/monbarcino.com\/wp-content\/uploads\/2013\/12\/2do-aniversario_final.jpg\",\"width\":294,\"height\":235},{\"@type\":\"WebPage\",\"@id\":\"https:\/\/monbarcino.com\/segundo-aniversario-de-mon-barcino\/#webpage\",\"url\":\"https:\/\/monbarcino.com\/segundo-aniversario-de-mon-barcino\/\",\"name\":\"Segundo Aniversario de M\u00f3n Barcino - M\u00f3n Barcino\",\"isPartOf\":{\"@id\":\"http:\/\/monbarcino.com\/#website\"},\"primaryImageOfPage\":{\"@id\":\"https:\/\/monbarcino.com\/segundo-aniversario-de-mon-barcino\/#primaryimage\"},\"datePublished\":\"2013-12-23T09:12:44+00:00\",\"dateModified\":\"2013-12-23T09:12:44+00:00\",\"breadcrumb\":{\"@id\":\"https:\/\/monbarcino.com\/segundo-aniversario-de-mon-barcino\/#breadcrumb\"},\"inLanguage\":\"ca\",\"potentialAction\":[{\"@type\":\"ReadAction\",\"target\":[\"https:\/\/monbarcino.com\/segundo-aniversario-de-mon-barcino\/\"]}]},{\"@type\":\"BreadcrumbList\",\"@id\":\"https:\/\/monbarcino.com\/segundo-aniversario-de-mon-barcino\/#breadcrumb\",\"itemListElement\":[{\"@type\":\"ListItem\",\"position\":1,\"name\":\"Portada\",\"item\":\"http:\/\/monbarcino.com\/\"},{\"@type\":\"ListItem\",\"position\":2,\"name\":\"Segundo Aniversario de M\u00f3n Barcino\"}]},{\"@type\":\"Article\",\"@id\":\"https:\/\/monbarcino.com\/segundo-aniversario-de-mon-barcino\/#article\",\"isPartOf\":{\"@id\":\"https:\/\/monbarcino.com\/segundo-aniversario-de-mon-barcino\/#webpage\"},\"author\":{\"name\":\"herodoto75\",\"@id\":\"http:\/\/monbarcino.com\/#\/schema\/person\/4ae5ac476147dcda6e4868e8e89cc033\"},\"headline\":\"Segundo Aniversario de M\u00f3n Barcino\",\"datePublished\":\"2013-12-23T09:12:44+00:00\",\"dateModified\":\"2013-12-23T09:12:44+00:00\",\"mainEntityOfPage\":{\"@id\":\"https:\/\/monbarcino.com\/segundo-aniversario-de-mon-barcino\/#webpage\"},\"wordCount\":73,\"commentCount\":2,\"publisher\":{\"@id\":\"http:\/\/monbarcino.com\/#organization\"},\"image\":{\"@id\":\"https:\/\/monbarcino.com\/segundo-aniversario-de-mon-barcino\/#primaryimage\"},\"thumbnailUrl\":\"http:\/\/monbarcino.com\/wp-content\/uploads\/2013\/12\/2do-aniversario_final.jpg\",\"articleSection\":[\"Acerca Mon Barcino\",\"Sin categor\u00eda\"],\"inLanguage\":\"ca\",\"potentialAction\":[{\"@type\":\"CommentAction\",\"name\":\"Comment\",\"target\":[\"https:\/\/monbarcino.com\/segundo-aniversario-de-mon-barcino\/#respond\"]}]},{\"@type\":\"Person\",\"@id\":\"http:\/\/monbarcino.com\/#\/schema\/person\/4ae5ac476147dcda6e4868e8e89cc033\",\"name\":\"herodoto75\",\"image\":{\"@type\":\"ImageObject\",\"inLanguage\":\"ca\",\"@id\":\"http:\/\/monbarcino.com\/#\/schema\/person\/image\/\",\"url\":\"http:\/\/1.gravatar.com\/avatar\/a57cceffd0961d0f16c604fc86f1cfb0?s=96&d=mm&r=g\",\"contentUrl\":\"http:\/\/1.gravatar.com\/avatar\/a57cceffd0961d0f16c604fc86f1cfb0?s=96&d=mm&r=g\",\"caption\":\"herodoto75\"},\"url\":\"http:\/\/monbarcino.com\/ca\/author\/herodoto75\/\"}]}<\/script>\n<!-- \/ Yoast SEO plugin. -->","yoast_head_json":{"title":"Segundo Aniversario de M\u00f3n Barcino - M\u00f3n Barcino","robots":{"index":"index","follow":"follow","max-snippet":"max-snippet:-1","max-image-preview":"max-image-preview:large","max-video-preview":"max-video-preview:-1"},"canonical":"https:\/\/monbarcino.com\/segundo-aniversario-de-mon-barcino\/","og_locale":"ca_ES","og_type":"article","og_title":"Segundo Aniversario de M\u00f3n Barcino - M\u00f3n Barcino","og_description":"M\u00f3n Barcino cumple dos a\u00f1os y ya empieza a caminar.Esto no seria posible sin la ayuda de nuestr@s colaborador@s y","og_url":"https:\/\/monbarcino.com\/segundo-aniversario-de-mon-barcino\/","og_site_name":"M\u00f3n Barcino","article_publisher":"https:\/\/www.facebook.com\/Monbarcino\/","article_published_time":"2013-12-23T09:12:44+00:00","og_image":[{"url":"http:\/\/monbarcino.com\/wp-content\/uploads\/2013\/12\/2do-aniversario_final.jpg"}],"author":"herodoto75","twitter_card":"summary_large_image","twitter_creator":"@monbarcino","twitter_site":"@monbarcino","twitter_misc":{"Escrit per":"herodoto75"},"schema":{"@context":"https:\/\/schema.org","@graph":[{"@type":"Organization","@id":"http:\/\/monbarcino.com\/#organization","name":"MonBarcino","url":"http:\/\/monbarcino.com\/","sameAs":["https:\/\/www.instagram.com\/monbarcino\/","https:\/\/www.facebook.com\/Monbarcino\/","https:\/\/twitter.com\/monbarcino"],"logo":{"@type":"ImageObject","inLanguage":"ca","@id":"http:\/\/monbarcino.com\/#\/schema\/logo\/image\/","url":"https:\/\/monbarcino.com\/wp-content\/uploads\/2019\/04\/logo.jpg","contentUrl":"https:\/\/monbarcino.com\/wp-content\/uploads\/2019\/04\/logo.jpg","width":750,"height":703,"caption":"MonBarcino"},"image":{"@id":"http:\/\/monbarcino.com\/#\/schema\/logo\/image\/"}},{"@type":"WebSite","@id":"http:\/\/monbarcino.com\/#website","url":"http:\/\/monbarcino.com\/","name":"M\u00f3n Barcino","description":"Rutes i visites guiades per Barcelona","publisher":{"@id":"http:\/\/monbarcino.com\/#organization"},"potentialAction":[{"@type":"SearchAction","target":{"@type":"EntryPoint","urlTemplate":"http:\/\/monbarcino.com\/?s={search_term_string}"},"query-input":"required name=search_term_string"}],"inLanguage":"ca"},{"@type":"ImageObject","inLanguage":"ca","@id":"https:\/\/monbarcino.com\/segundo-aniversario-de-mon-barcino\/#primaryimage","url":"http:\/\/monbarcino.com\/wp-content\/uploads\/2013\/12\/2do-aniversario_final.jpg","contentUrl":"http:\/\/monbarcino.com\/wp-content\/uploads\/2013\/12\/2do-aniversario_final.jpg","width":294,"height":235},{"@type":"WebPage","@id":"https:\/\/monbarcino.com\/segundo-aniversario-de-mon-barcino\/#webpage","url":"https:\/\/monbarcino.com\/segundo-aniversario-de-mon-barcino\/","name":"Segundo Aniversario de M\u00f3n Barcino - M\u00f3n Barcino","isPartOf":{"@id":"http:\/\/monbarcino.com\/#website"},"primaryImageOfPage":{"@id":"https:\/\/monbarcino.com\/segundo-aniversario-de-mon-barcino\/#primaryimage"},"datePublished":"2013-12-23T09:12:44+00:00","dateModified":"2013-12-23T09:12:44+00:00","breadcrumb":{"@id":"https:\/\/monbarcino.com\/segundo-aniversario-de-mon-barcino\/#breadcrumb"},"inLanguage":"ca","potentialAction":[{"@type":"ReadAction","target":["https:\/\/monbarcino.com\/segundo-aniversario-de-mon-barcino\/"]}]},{"@type":"BreadcrumbList","@id":"https:\/\/monbarcino.com\/segundo-aniversario-de-mon-barcino\/#breadcrumb","itemListElement":[{"@type":"ListItem","position":1,"name":"Portada","item":"http:\/\/monbarcino.com\/"},{"@type":"ListItem","position":2,"name":"Segundo Aniversario de M\u00f3n Barcino"}]},{"@type":"Article","@id":"https:\/\/monbarcino.com\/segundo-aniversario-de-mon-barcino\/#article","isPartOf":{"@id":"https:\/\/monbarcino.com\/segundo-aniversario-de-mon-barcino\/#webpage"},"author":{"name":"herodoto75","@id":"http:\/\/monbarcino.com\/#\/schema\/person\/4ae5ac476147dcda6e4868e8e89cc033"},"headline":"Segundo Aniversario de M\u00f3n Barcino","datePublished":"2013-12-23T09:12:44+00:00","dateModified":"2013-12-23T09:12:44+00:00","mainEntityOfPage":{"@id":"https:\/\/monbarcino.com\/segundo-aniversario-de-mon-barcino\/#webpage"},"wordCount":73,"commentCount":2,"publisher":{"@id":"http:\/\/monbarcino.com\/#organization"},"image":{"@id":"https:\/\/monbarcino.com\/segundo-aniversario-de-mon-barcino\/#primaryimage"},"thumbnailUrl":"http:\/\/monbarcino.com\/wp-content\/uploads\/2013\/12\/2do-aniversario_final.jpg","articleSection":["Acerca Mon Barcino","Sin categor\u00eda"],"inLanguage":"ca","potentialAction":[{"@type":"CommentAction","name":"Comment","target":["https:\/\/monbarcino.com\/segundo-aniversario-de-mon-barcino\/#respond"]}]},{"@type":"Person","@id":"http:\/\/monbarcino.com\/#\/schema\/person\/4ae5ac476147dcda6e4868e8e89cc033","name":"herodoto75","image":{"@type":"ImageObject","inLanguage":"ca","@id":"http:\/\/monbarcino.com\/#\/schema\/person\/image\/","url":"http:\/\/1.gravatar.com\/avatar\/a57cceffd0961d0f16c604fc86f1cfb0?s=96&d=mm&r=g","contentUrl":"http:\/\/1.gravatar.com\/avatar\/a57cceffd0961d0f16c604fc86f1cfb0?s=96&d=mm&r=g","caption":"herodoto75"},"url":"http:\/\/monbarcino.com\/ca\/author\/herodoto75\/"}]}},"_links":{"self":[{"href":"http:\/\/monbarcino.com\/ca\/wp-json\/wp\/v2\/posts\/492"}],"collection":[{"href":"http:\/\/monbarcino.com\/ca\/wp-json\/wp\/v2\/posts"}],"about":[{"href":"http:\/\/monbarcino.com\/ca\/wp-json\/wp\/v2\/types\/post"}],"author":[{"embeddable":true,"href":"http:\/\/monbarcino.com\/ca\/wp-json\/wp\/v2\/users\/2"}],"replies":[{"embeddable":true,"href":"http:\/\/monbarcino.com\/ca\/wp-json\/wp\/v2\/comments?post=492"}],"version-history":[{"count":0,"href":"http:\/\/monbarcino.com\/ca\/wp-json\/wp\/v2\/posts\/492\/revisions"}],"wp:attachment":[{"href":"http:\/\/monbarcino.com\/ca\/wp-json\/wp\/v2\/media?parent=492"}],"wp:term":[{"taxonomy":"category","embeddable":true,"href":"http:\/\/monbarcino.com\/ca\/wp-json\/wp\/v2\/categories?post=492"},{"taxonomy":"post_tag","embeddable":true,"href":"http:\/\/monbarcino.com\/ca\/wp-json\/wp\/v2\/tags?post=492"}],"curies":[{"name":"wp","href":"https:\/\/api.w.org\/{rel}","templated":true}]}}